{"id":854,"date":"2022-01-19T10:15:00","date_gmt":"2022-01-19T16:15:00","guid":{"rendered":"http:\/\/www.cicyucatan.mx\/radio\/?p=854"},"modified":"2023-06-06T22:15:33","modified_gmt":"2023-06-07T04:15:33","slug":"ep-217-ingenieria-xxi-el-territorio-forestal-y-su-convivencia-con-el-area-urbana-caso-de-la-reserva-de-cuxtal","status":"publish","type":"post","link":"https:\/\/www.cicyucatan.mx\/radio\/ep-217-ingenieria-xxi-el-territorio-forestal-y-su-convivencia-con-el-area-urbana-caso-de-la-reserva-de-cuxtal\/","title":{"rendered":"Ep. 217 \u2013 Ingenier\u00eda XXI: El territorio forestal y su convivencia con el \u00e1rea Urbana, caso de la Reserva de Cuxtal"},"content":{"rendered":"\n<p>Entrevista con el bi\u00f3logo Wilberth Peniche Jim\u00e9nez con quien platicamos sobre el territorio forestal y su convivencia con el \u00e1rea Urbana, caso de la Reserva de Cuxtal<\/p>\n<div class=\"powerpress_player\" id=\"powerpress_player_674\"><!--[if lt IE 9]><script>document.createElement('audio');<\/script><![endif]-->\n<audio class=\"wp-audio-shortcode\" id=\"audio-854-1\" preload=\"none\" style=\"width: 100%;\" controls=\"controls\"><source type=\"audio\/mpeg\" src=\"http:\/\/www.cicyucatan.mx\/radio\/wp-content\/uploads\/2023\/06\/2022.01.19.Ep_.217.El_territorio_Forestal_y_su_convivencia_con_el_area-Urbana_Reserva_Cuxtal-Bio.-Wilberth-Peniche-Jimenez.mp3?_=1\" \/><a href=\"http:\/\/www.cicyucatan.mx\/radio\/wp-content\/uploads\/2023\/06\/2022.01.19.Ep_.217.El_territorio_Forestal_y_su_convivencia_con_el_area-Urbana_Reserva_Cuxtal-Bio.-Wilberth-Peniche-Jimenez.mp3\">http:\/\/www.cicyucatan.mx\/radio\/wp-content\/uploads\/2023\/06\/2022.01.19.Ep_.217.El_territorio_Forestal_y_su_convivencia_con_el_area-Urbana_Reserva_Cuxtal-Bio.-Wilberth-Peniche-Jimenez.mp3<\/a><\/audio><\/div><p class=\"powerpress_links powerpress_links_mp3\">Podcast: <a href=\"http:\/\/www.cicyucatan.mx\/radio\/wp-content\/uploads\/2023\/06\/2022.01.19.Ep_.217.El_territorio_Forestal_y_su_convivencia_con_el_area-Urbana_Reserva_Cuxtal-Bio.-Wilberth-Peniche-Jimenez.mp3\" class=\"powerpress_link_pinw\" target=\"_blank\" title=\"Play in new window\" onclick=\"return powerpress_pinw('https:\/\/www.cicyucatan.mx\/radio\/?powerpress_pinw=854-podcast');\" rel=\"nofollow\">Play in new window<\/a> | <a href=\"http:\/\/www.cicyucatan.mx\/radio\/wp-content\/uploads\/2023\/06\/2022.01.19.Ep_.217.El_territorio_Forestal_y_su_convivencia_con_el_area-Urbana_Reserva_Cuxtal-Bio.-Wilberth-Peniche-Jimenez.mp3\" class=\"powerpress_link_d\" title=\"Download\" rel=\"nofollow\" download=\"2022.01.19.Ep_.217.El_territorio_Forestal_y_su_convivencia_con_el_area-Urbana_Reserva_Cuxtal-Bio.-Wilberth-Peniche-Jimenez.mp3\">Download<\/a><\/p>","protected":false},"excerpt":{"rendered":"<p>Entrevista con el bi\u00f3logo Wilberth Peniche Jim\u00e9nez con quien platicamos sobre el territorio forestal y su convivencia con el \u00e1rea Urbana, caso de la Reserva de Cuxtal<\/p>\n","protected":false},"author":1,"featured_media":0,"comment_status":"open","ping_status":"open","sticky":false,"template":"","format":"standard","meta":[],"categories":[1],"tags":[],"_links":{"self":[{"href":"https:\/\/www.cicyucatan.mx\/radio\/wp-json\/wp\/v2\/posts\/854"}],"collection":[{"href":"https:\/\/www.cicyucatan.mx\/radio\/wp-json\/wp\/v2\/posts"}],"about":[{"href":"https:\/\/www.cicyucatan.mx\/radio\/wp-json\/wp\/v2\/types\/post"}],"author":[{"embeddable":true,"href":"https:\/\/www.cicyucatan.mx\/radio\/wp-json\/wp\/v2\/users\/1"}],"replies":[{"embeddable":true,"href":"https:\/\/www.cicyucatan.mx\/radio\/wp-json\/wp\/v2\/comments?post=854"}],"version-history":[{"count":1,"href":"https:\/\/www.cicyucatan.mx\/radio\/wp-json\/wp\/v2\/posts\/854\/revisions"}],"predecessor-version":[{"id":855,"href":"https:\/\/www.cicyucatan.mx\/radio\/wp-json\/wp\/v2\/posts\/854\/revisions\/855"}],"wp:attachment":[{"href":"https:\/\/www.cicyucatan.mx\/radio\/wp-json\/wp\/v2\/media?parent=854"}],"wp:term":[{"taxonomy":"category","embeddable":true,"href":"https:\/\/www.cicyucatan.mx\/radio\/wp-json\/wp\/v2\/categories?post=854"},{"taxonomy":"post_tag","embeddable":true,"href":"https:\/\/www.cicyucatan.mx\/radio\/wp-json\/wp\/v2\/tags?post=854"}],"curies":[{"name":"wp","href":"https:\/\/api.w.org\/{rel}","templated":true}]}}