{"id":760,"date":"2021-09-08T14:48:00","date_gmt":"2021-09-08T20:48:00","guid":{"rendered":"http:\/\/www.cicyucatan.mx\/radio\/?p=760"},"modified":"2021-12-08T14:49:28","modified_gmt":"2021-12-08T20:49:28","slug":"ep-200-ingenieria-xxi-la-ley-de-cambio-climatico-de-yucatan","status":"publish","type":"post","link":"https:\/\/www.cicyucatan.mx\/radio\/ep-200-ingenieria-xxi-la-ley-de-cambio-climatico-de-yucatan\/","title":{"rendered":"Ep. 200 \u2013 Ingenier\u00eda XXI: La Ley de Cambio Clim\u00e1tico de Yucat\u00e1n"},"content":{"rendered":"\n<p>Entrevista con el Ing. Sergio Aguilar Escalante<br>Director de Planeaci\u00f3n y Cambio Clim\u00e1tico sobre la Ley del Cambio Clim\u00e1tico de Yucat\u00e1n<\/p>\n<div class=\"powerpress_player\" id=\"powerpress_player_9966\"><!--[if lt IE 9]><script>document.createElement('audio');<\/script><![endif]-->\n<audio class=\"wp-audio-shortcode\" id=\"audio-760-1\" preload=\"none\" style=\"width: 100%;\" controls=\"controls\"><source type=\"audio\/mpeg\" src=\"http:\/\/www.cicyucatan.mx\/radio\/wp-content\/uploads\/2021\/12\/2021.09.08.Ep_.200_ley_cambio_climatico_yucatan.mp3?_=1\" \/><a href=\"http:\/\/www.cicyucatan.mx\/radio\/wp-content\/uploads\/2021\/12\/2021.09.08.Ep_.200_ley_cambio_climatico_yucatan.mp3\">http:\/\/www.cicyucatan.mx\/radio\/wp-content\/uploads\/2021\/12\/2021.09.08.Ep_.200_ley_cambio_climatico_yucatan.mp3<\/a><\/audio><\/div><p class=\"powerpress_links powerpress_links_mp3\">Podcast: <a href=\"http:\/\/www.cicyucatan.mx\/radio\/wp-content\/uploads\/2021\/12\/2021.09.08.Ep_.200_ley_cambio_climatico_yucatan.mp3\" class=\"powerpress_link_pinw\" target=\"_blank\" title=\"Play in new window\" onclick=\"return powerpress_pinw('https:\/\/www.cicyucatan.mx\/radio\/?powerpress_pinw=760-podcast');\" rel=\"nofollow\">Play in new window<\/a> | <a href=\"http:\/\/www.cicyucatan.mx\/radio\/wp-content\/uploads\/2021\/12\/2021.09.08.Ep_.200_ley_cambio_climatico_yucatan.mp3\" class=\"powerpress_link_d\" title=\"Download\" rel=\"nofollow\" download=\"2021.09.08.Ep_.200_ley_cambio_climatico_yucatan.mp3\">Download<\/a><\/p>","protected":false},"excerpt":{"rendered":"<p>Entrevista con el Ing. Sergio Aguilar EscalanteDirector de Planeaci\u00f3n y Cambio Clim\u00e1tico sobre la Ley del Cambio Clim\u00e1tico de Yucat\u00e1n<\/p>\n","protected":false},"author":1,"featured_media":0,"comment_status":"open","ping_status":"open","sticky":false,"template":"","format":"standard","meta":[],"categories":[1],"tags":[],"_links":{"self":[{"href":"https:\/\/www.cicyucatan.mx\/radio\/wp-json\/wp\/v2\/posts\/760"}],"collection":[{"href":"https:\/\/www.cicyucatan.mx\/radio\/wp-json\/wp\/v2\/posts"}],"about":[{"href":"https:\/\/www.cicyucatan.mx\/radio\/wp-json\/wp\/v2\/types\/post"}],"author":[{"embeddable":true,"href":"https:\/\/www.cicyucatan.mx\/radio\/wp-json\/wp\/v2\/users\/1"}],"replies":[{"embeddable":true,"href":"https:\/\/www.cicyucatan.mx\/radio\/wp-json\/wp\/v2\/comments?post=760"}],"version-history":[{"count":1,"href":"https:\/\/www.cicyucatan.mx\/radio\/wp-json\/wp\/v2\/posts\/760\/revisions"}],"predecessor-version":[{"id":761,"href":"https:\/\/www.cicyucatan.mx\/radio\/wp-json\/wp\/v2\/posts\/760\/revisions\/761"}],"wp:attachment":[{"href":"https:\/\/www.cicyucatan.mx\/radio\/wp-json\/wp\/v2\/media?parent=760"}],"wp:term":[{"taxonomy":"category","embeddable":true,"href":"https:\/\/www.cicyucatan.mx\/radio\/wp-json\/wp\/v2\/categories?post=760"},{"taxonomy":"post_tag","embeddable":true,"href":"https:\/\/www.cicyucatan.mx\/radio\/wp-json\/wp\/v2\/tags?post=760"}],"curies":[{"name":"wp","href":"https:\/\/api.w.org\/{rel}","templated":true}]}}