{"id":719,"date":"2021-05-12T05:58:00","date_gmt":"2021-05-12T11:58:00","guid":{"rendered":"http:\/\/www.cicyucatan.mx\/radio\/?p=719"},"modified":"2021-09-01T05:58:50","modified_gmt":"2021-09-01T11:58:50","slug":"ep-186-programa-de-radio-ingenieria-xxi","status":"publish","type":"post","link":"https:\/\/www.cicyucatan.mx\/radio\/ep-186-programa-de-radio-ingenieria-xxi\/","title":{"rendered":"Ep. 186 \u2013 Programa de radio: Ingenier\u00eda XXI"},"content":{"rendered":"\n<p>Entrevista con el ingeniero Miguel \u00c1ngel Garc\u00eda Dom\u00ednguez, Presidente del XXXII Consejo Directivo del Colegio, con quien platicaremos sobre la 3era Reuni\u00f3n Regional del Colegio de Ingenieros Civiles de M\u00e9xico previo a la Reuni\u00f3n Nacional.<\/p>\n<div class=\"powerpress_player\" id=\"powerpress_player_9133\"><!--[if lt IE 9]><script>document.createElement('audio');<\/script><![endif]-->\n<audio class=\"wp-audio-shortcode\" id=\"audio-719-1\" preload=\"none\" style=\"width: 100%;\" controls=\"controls\"><source type=\"audio\/mpeg\" src=\"http:\/\/www.cicyucatan.mx\/radio\/wp-content\/uploads\/2021\/08\/2021.05.12.Ep_.186.3era_Reunion_Regional_Colegio_Mexico.mp3?_=1\" \/><a href=\"http:\/\/www.cicyucatan.mx\/radio\/wp-content\/uploads\/2021\/08\/2021.05.12.Ep_.186.3era_Reunion_Regional_Colegio_Mexico.mp3\">http:\/\/www.cicyucatan.mx\/radio\/wp-content\/uploads\/2021\/08\/2021.05.12.Ep_.186.3era_Reunion_Regional_Colegio_Mexico.mp3<\/a><\/audio><\/div><p class=\"powerpress_links powerpress_links_mp3\">Podcast: <a href=\"http:\/\/www.cicyucatan.mx\/radio\/wp-content\/uploads\/2021\/08\/2021.05.12.Ep_.186.3era_Reunion_Regional_Colegio_Mexico.mp3\" class=\"powerpress_link_pinw\" target=\"_blank\" title=\"Play in new window\" onclick=\"return powerpress_pinw('https:\/\/www.cicyucatan.mx\/radio\/?powerpress_pinw=719-podcast');\" rel=\"nofollow\">Play in new window<\/a> | <a href=\"http:\/\/www.cicyucatan.mx\/radio\/wp-content\/uploads\/2021\/08\/2021.05.12.Ep_.186.3era_Reunion_Regional_Colegio_Mexico.mp3\" class=\"powerpress_link_d\" title=\"Download\" rel=\"nofollow\" download=\"2021.05.12.Ep_.186.3era_Reunion_Regional_Colegio_Mexico.mp3\">Download<\/a><\/p>","protected":false},"excerpt":{"rendered":"<p>Entrevista con el ingeniero Miguel \u00c1ngel Garc\u00eda Dom\u00ednguez, Presidente del XXXII Consejo Directivo del Colegio, con quien platicaremos sobre la 3era Reuni\u00f3n Regional del Colegio de Ingenieros Civiles de M\u00e9xico previo a la Reuni\u00f3n Nacional.<\/p>\n","protected":false},"author":1,"featured_media":0,"comment_status":"open","ping_status":"open","sticky":false,"template":"","format":"standard","meta":[],"categories":[1],"tags":[],"_links":{"self":[{"href":"https:\/\/www.cicyucatan.mx\/radio\/wp-json\/wp\/v2\/posts\/719"}],"collection":[{"href":"https:\/\/www.cicyucatan.mx\/radio\/wp-json\/wp\/v2\/posts"}],"about":[{"href":"https:\/\/www.cicyucatan.mx\/radio\/wp-json\/wp\/v2\/types\/post"}],"author":[{"embeddable":true,"href":"https:\/\/www.cicyucatan.mx\/radio\/wp-json\/wp\/v2\/users\/1"}],"replies":[{"embeddable":true,"href":"https:\/\/www.cicyucatan.mx\/radio\/wp-json\/wp\/v2\/comments?post=719"}],"version-history":[{"count":1,"href":"https:\/\/www.cicyucatan.mx\/radio\/wp-json\/wp\/v2\/posts\/719\/revisions"}],"predecessor-version":[{"id":720,"href":"https:\/\/www.cicyucatan.mx\/radio\/wp-json\/wp\/v2\/posts\/719\/revisions\/720"}],"wp:attachment":[{"href":"https:\/\/www.cicyucatan.mx\/radio\/wp-json\/wp\/v2\/media?parent=719"}],"wp:term":[{"taxonomy":"category","embeddable":true,"href":"https:\/\/www.cicyucatan.mx\/radio\/wp-json\/wp\/v2\/categories?post=719"},{"taxonomy":"post_tag","embeddable":true,"href":"https:\/\/www.cicyucatan.mx\/radio\/wp-json\/wp\/v2\/tags?post=719"}],"curies":[{"name":"wp","href":"https:\/\/api.w.org\/{rel}","templated":true}]}}