{"id":1018,"date":"2023-08-09T18:20:00","date_gmt":"2023-08-10T00:20:00","guid":{"rendered":"https:\/\/www.cicyucatan.mx\/radio\/?p=1018"},"modified":"2023-09-04T18:21:24","modified_gmt":"2023-09-05T00:21:24","slug":"ep-292-ingenieria-xxi-medalla-elsy-yolanda-lara-barrera-entrevista-con-la-ing-milagrosa-perez-sanchez","status":"publish","type":"post","link":"https:\/\/www.cicyucatan.mx\/radio\/ep-292-ingenieria-xxi-medalla-elsy-yolanda-lara-barrera-entrevista-con-la-ing-milagrosa-perez-sanchez\/","title":{"rendered":"Ep. 292 \u2013 Ingenier\u00eda XXI: Medalla Elsy Yolanda Lara Barrera Entrevista con la Ing. Milagrosa P\u00e9rez S\u00e1nchez"},"content":{"rendered":"\n<p>Medalla Elsy Yolanda Lara Barrera Entrevista con la Ing. Milagrosa P\u00e9rez S\u00e1nchez<\/p>\n<div class=\"powerpress_player\" id=\"powerpress_player_681\"><!--[if lt IE 9]><script>document.createElement('audio');<\/script><![endif]-->\n<audio class=\"wp-audio-shortcode\" id=\"audio-1018-1\" preload=\"none\" style=\"width: 100%;\" controls=\"controls\"><source type=\"audio\/mpeg\" src=\"http:\/\/www.cicyucatan.mx\/radio\/wp-content\/uploads\/2023\/09\/2023.08.09.Ep_.292.-Medalla_Elsy_Lara_Barrera_Milagrosa_Perez.mp3?_=1\" \/><a href=\"http:\/\/www.cicyucatan.mx\/radio\/wp-content\/uploads\/2023\/09\/2023.08.09.Ep_.292.-Medalla_Elsy_Lara_Barrera_Milagrosa_Perez.mp3\">http:\/\/www.cicyucatan.mx\/radio\/wp-content\/uploads\/2023\/09\/2023.08.09.Ep_.292.-Medalla_Elsy_Lara_Barrera_Milagrosa_Perez.mp3<\/a><\/audio><\/div><p class=\"powerpress_links powerpress_links_mp3\">Podcast: <a href=\"http:\/\/www.cicyucatan.mx\/radio\/wp-content\/uploads\/2023\/09\/2023.08.09.Ep_.292.-Medalla_Elsy_Lara_Barrera_Milagrosa_Perez.mp3\" class=\"powerpress_link_pinw\" target=\"_blank\" title=\"Play in new window\" onclick=\"return powerpress_pinw('https:\/\/www.cicyucatan.mx\/radio\/?powerpress_pinw=1018-podcast');\" rel=\"nofollow\">Play in new window<\/a> | <a href=\"http:\/\/www.cicyucatan.mx\/radio\/wp-content\/uploads\/2023\/09\/2023.08.09.Ep_.292.-Medalla_Elsy_Lara_Barrera_Milagrosa_Perez.mp3\" class=\"powerpress_link_d\" title=\"Download\" rel=\"nofollow\" download=\"2023.08.09.Ep_.292.-Medalla_Elsy_Lara_Barrera_Milagrosa_Perez.mp3\">Download<\/a><\/p>","protected":false},"excerpt":{"rendered":"<p>Medalla Elsy Yolanda Lara Barrera Entrevista con la Ing. Milagrosa P\u00e9rez S\u00e1nchez<\/p>\n","protected":false},"author":1,"featured_media":0,"comment_status":"open","ping_status":"open","sticky":false,"template":"","format":"standard","meta":[],"categories":[1],"tags":[],"_links":{"self":[{"href":"https:\/\/www.cicyucatan.mx\/radio\/wp-json\/wp\/v2\/posts\/1018"}],"collection":[{"href":"https:\/\/www.cicyucatan.mx\/radio\/wp-json\/wp\/v2\/posts"}],"about":[{"href":"https:\/\/www.cicyucatan.mx\/radio\/wp-json\/wp\/v2\/types\/post"}],"author":[{"embeddable":true,"href":"https:\/\/www.cicyucatan.mx\/radio\/wp-json\/wp\/v2\/users\/1"}],"replies":[{"embeddable":true,"href":"https:\/\/www.cicyucatan.mx\/radio\/wp-json\/wp\/v2\/comments?post=1018"}],"version-history":[{"count":1,"href":"https:\/\/www.cicyucatan.mx\/radio\/wp-json\/wp\/v2\/posts\/1018\/revisions"}],"predecessor-version":[{"id":1019,"href":"https:\/\/www.cicyucatan.mx\/radio\/wp-json\/wp\/v2\/posts\/1018\/revisions\/1019"}],"wp:attachment":[{"href":"https:\/\/www.cicyucatan.mx\/radio\/wp-json\/wp\/v2\/media?parent=1018"}],"wp:term":[{"taxonomy":"category","embeddable":true,"href":"https:\/\/www.cicyucatan.mx\/radio\/wp-json\/wp\/v2\/categories?post=1018"},{"taxonomy":"post_tag","embeddable":true,"href":"https:\/\/www.cicyucatan.mx\/radio\/wp-json\/wp\/v2\/tags?post=1018"}],"curies":[{"name":"wp","href":"https:\/\/api.w.org\/{rel}","templated":true}]}}